{"id":3521,"date":"2025-12-18T11:37:18","date_gmt":"2025-12-18T10:37:18","guid":{"rendered":"https:\/\/isinac.com\/?p=3521"},"modified":"2025-12-18T13:44:18","modified_gmt":"2025-12-18T12:44:18","slug":"ise-2026-eight-editions-acoustic-innovation","status":"publish","type":"post","link":"https:\/\/isinac.com\/en\/news\/ise-2026-eight-editions-acoustic-innovation\/","title":{"rendered":"ISINAC: eight editions boosting professional acoustics at ISE"},"content":{"rendered":"<figure class=\"wp-block-image size-large\"><a href=\"https:\/\/register.visitcloud.com\/survey\/0hztq4lbmv5rp?actioncode=ISE260613&amp;_gl=1*1pa7w4y*_gcl_au*MTM5ODUzODgwNi4xNzY1ODkwOTE1LjQ4MzMyMzU4Ny4xNzY2MDUzMDU3LjE3NjYwNTMxMTU.*_ga*MTkyNTkyMjAzNC4xNzQ5NzEyNjc5*_ga_BH61S8XYEG*czE3NjYwNTEyODUkbzQ0JGcxJHQxNzY2MDUzNDc2JGo1NyRsMCRoMTgzNzAxODk2NA..\" target=\"_blank\" rel=\" noreferrer noopener\"><img fetchpriority=\"high\" decoding=\"async\" width=\"1024\" height=\"527\" src=\"https:\/\/isinac.com\/wp-content\/uploads\/2025\/12\/entrada-blog-ISE-2026-1024x527.jpg\" alt=\"\" class=\"wp-image-3530\" srcset=\"https:\/\/isinac.com\/wp-content\/uploads\/2025\/12\/entrada-blog-ISE-2026-1024x527.jpg 1024w, https:\/\/isinac.com\/wp-content\/uploads\/2025\/12\/entrada-blog-ISE-2026-300x154.jpg 300w, https:\/\/isinac.com\/wp-content\/uploads\/2025\/12\/entrada-blog-ISE-2026-768x395.jpg 768w, https:\/\/isinac.com\/wp-content\/uploads\/2025\/12\/entrada-blog-ISE-2026-18x9.jpg 18w, https:\/\/isinac.com\/wp-content\/uploads\/2025\/12\/entrada-blog-ISE-2026-1200x618.jpg 1200w, https:\/\/isinac.com\/wp-content\/uploads\/2025\/12\/entrada-blog-ISE-2026.jpg 1220w\" sizes=\"(max-width: 1024px) 100vw, 1024px\" \/><\/a><\/figure>\n\n\n\n<p>ISINAC will participate by <strong>for the eighth consecutive year at Integrated Systems Europe (ISE).<\/strong> <strong>2026<\/strong>, The event, the leading international event for the audiovisual, technology and systems integration sector. The company thus consolidates its position as a manufacturer specialising in acoustic conditioning solutions for all types of sectors.<\/p>\n\n\n\n<p>The 2026 edition of the <a href=\"https:\/\/www.iseurope.org\/\">ISE<\/a>, which will be held at the Fira de Barcelona from <strong>3 to 6 February<\/strong>, will bring together more than <strong>1,600 international exhibitors from 170 countries in 8 halls<\/strong>. The programme will feature technical conferences, workshops and presentations of new technologies applied to architecture, engineering and space design.<\/p>\n\n\n\n<h2 class=\"wp-block-heading\">Professional acoustics applied to real projects<\/h2>\n\n\n\n<p>ISINAC will once again be present at the Barcelona trade fair as part of a clear strategy of technical visibility and support for its international network of distributors. At the <strong>stand 7B900<\/strong>, The company will present its acoustic absorption solutions designed to improve sound comfort in professional environments, with special attention to sound absorption criteria. <strong>acoustic performance, fire resistance, durability and sustainability of materials. <\/strong><\/p>\n\n\n\n<p>Among the innovations to be seen at the fair will be the patented technology of <strong><a href=\"https:\/\/isinac.com\/en\/products\/patent-absorbrella\/\">ABSORBRELLA<\/a><\/strong> for sails, parasols and awnings, <strong>sound-absorbing fabrics, acoustic curtains, and fully customisable panels<\/strong>. They are solutions developed to be integrated in architectural and acoustic conditioning projects where noise control and space quality are critical factors. <\/p>\n\n\n\n<p>With eight consecutive editions, ISINAC arrives at ISE 2026 reaffirming its commitment to innovation and the development of high performance acoustic solutions. Each of our products is designed to offer <strong>reliability, efficiency and adaptability<\/strong>, responding to the real needs of specifiers, engineering firms and professionals in the sector, and contributing to <strong>creating spaces with optimal sound comfort and noise control<\/strong> in a measurable way.<\/p>\n\n\n\n<p>\ud83d\udccdISE 2026 | Stand 7B900<\/p>\n\n\n\n<p>\ud83d\uddd3\ufe0f 3-6 February 2026 at Fira de Barcelona<\/p>\n\n\n\n<p>\ud83c\udf9f\ufe0f Free entry with the code <strong>ISE260613<\/strong> <a href=\"https:\/\/register.visitcloud.com\/survey\/0hztq4lbmv5rp?actioncode=ISE260613&amp;_gl=1*1elp4d9*_gcl_au*MTM5ODUzODgwNi4xNzY1ODkwOTE1LjIxMDM0NzExNTUuMTc2NjA0OTM2MC4xNzY2MDQ5MzY1*_ga*MTkyNTkyMjAzNC4xNzQ5NzEyNjc5*_ga_BH61S8XYEG*czE3NjYwNTEyODUkbzQ0JGcxJHQxNzY2MDUxMjk3JGo0OCRsMCRoMTgzNzAxODk2NA..\" target=\"_blank\" rel=\"noreferrer noopener\"><strong>here<\/strong><\/a>.<\/p>\n\n\n\n<p>\ud83e\udd1d Schedule your meeting with the ISINAC team <strong><a href=\"https:\/\/forms.gle\/tcvF6bk81Rde161LA\" target=\"_blank\" rel=\"noreferrer noopener\">here<\/a><\/strong>.<\/p>","protected":false},"excerpt":{"rendered":"<p>ISINAC participar\u00e1 por octavo a\u00f1o consecutivo en Integrated Systems Europe (ISE) 2026, el principal evento internacional del sector audiovisual, tecnol\u00f3gico y de integraci\u00f3n de sistemas. La compa\u00f1\u00eda consolida as\u00ed su posicionamiento como fabricante especializado en soluciones de acondicionamiento ac\u00fastico para todo tipo de sectores. La edici\u00f3n de 2026 de la ISE, que se celebrar\u00e1 en [&hellip;]<\/p>\n","protected":false},"author":3,"featured_media":3530,"comment_status":"closed","ping_status":"closed","sticky":false,"template":"","format":"standard","meta":{"footnotes":""},"categories":[1],"tags":[64,57,34],"class_list":["post-3521","post","type-post","status-publish","format-standard","has-post-thumbnail","hentry","category-noticias","tag-confort-acustico","tag-ferias","tag-ise"],"yoast_head":"<!-- This site is optimized with the Yoast SEO plugin v27.4 - https:\/\/yoast.com\/product\/yoast-seo-wordpress\/ -->\n<title>ISINAC: ocho ediciones impulsando la ac\u00fastica profesional en ISE - ISINAC<\/title>\n<meta name=\"description\" content=\"ISINAC participar\u00e1 por octavo a\u00f1o consecutivo en ISE 2026, evento internacional de audiovisual, tecnolog\u00eda e integraci\u00f3n de sistemas.\" \/>\n<meta name=\"robots\" content=\"index, follow, max-snippet:-1, max-image-preview:large, max-video-preview:-1\" \/>\n<link rel=\"canonical\" href=\"https:\/\/isinac.com\/en\/news\/ise-2026-eight-editions-acoustic-innovation\/\" \/>\n<meta property=\"og:locale\" content=\"en_GB\" \/>\n<meta property=\"og:type\" content=\"article\" \/>\n<meta property=\"og:title\" content=\"ISINAC: ocho ediciones impulsando la ac\u00fastica profesional en ISE - ISINAC\" \/>\n<meta property=\"og:description\" content=\"ISINAC participar\u00e1 por octavo a\u00f1o consecutivo en ISE 2026, evento internacional de audiovisual, tecnolog\u00eda e integraci\u00f3n de sistemas.\" \/>\n<meta property=\"og:url\" content=\"https:\/\/isinac.com\/en\/news\/ise-2026-eight-editions-acoustic-innovation\/\" \/>\n<meta property=\"og:site_name\" content=\"ISINAC\" \/>\n<meta property=\"article:publisher\" content=\"https:\/\/www.facebook.com\/isinac\" \/>\n<meta property=\"article:published_time\" content=\"2025-12-18T10:37:18+00:00\" \/>\n<meta property=\"article:modified_time\" content=\"2025-12-18T12:44:18+00:00\" \/>\n<meta property=\"og:image\" content=\"https:\/\/isinac.com\/wp-content\/uploads\/2025\/12\/entrada-blog-ISE-2026.jpg\" \/>\n\t<meta property=\"og:image:width\" content=\"1220\" \/>\n\t<meta property=\"og:image:height\" content=\"628\" \/>\n\t<meta property=\"og:image:type\" content=\"image\/jpeg\" \/>\n<meta name=\"author\" content=\"ISINAC\" \/>\n<meta name=\"twitter:card\" content=\"summary_large_image\" \/>\n<meta name=\"twitter:label1\" content=\"Written by\" \/>\n\t<meta name=\"twitter:data1\" content=\"ISINAC\" \/>\n\t<meta name=\"twitter:label2\" content=\"Estimated reading time\" \/>\n\t<meta name=\"twitter:data2\" content=\"2 minutes\" \/>\n<script type=\"application\/ld+json\" class=\"yoast-schema-graph\">{\"@context\":\"https:\\\/\\\/schema.org\",\"@graph\":[{\"@type\":\"Article\",\"@id\":\"https:\\\/\\\/isinac.com\\\/noticias\\\/ise-2026-ocho-ediciones-innovacion-acustica\\\/#article\",\"isPartOf\":{\"@id\":\"https:\\\/\\\/isinac.com\\\/noticias\\\/ise-2026-ocho-ediciones-innovacion-acustica\\\/\"},\"author\":{\"name\":\"ISINAC\",\"@id\":\"https:\\\/\\\/isinac.com\\\/#\\\/schema\\\/person\\\/baba6a97f38b572e60b912824528a29d\"},\"headline\":\"ISINAC: ocho ediciones impulsando la ac\u00fastica profesional en ISE\",\"datePublished\":\"2025-12-18T10:37:18+00:00\",\"dateModified\":\"2025-12-18T12:44:18+00:00\",\"mainEntityOfPage\":{\"@id\":\"https:\\\/\\\/isinac.com\\\/noticias\\\/ise-2026-ocho-ediciones-innovacion-acustica\\\/\"},\"wordCount\":346,\"publisher\":{\"@id\":\"https:\\\/\\\/isinac.com\\\/#organization\"},\"image\":{\"@id\":\"https:\\\/\\\/isinac.com\\\/noticias\\\/ise-2026-ocho-ediciones-innovacion-acustica\\\/#primaryimage\"},\"thumbnailUrl\":\"https:\\\/\\\/isinac.com\\\/wp-content\\\/uploads\\\/2025\\\/12\\\/entrada-blog-ISE-2026.jpg\",\"keywords\":[\"confort acustico\",\"ferias\",\"ISE\"],\"articleSection\":[\"Noticias\"],\"inLanguage\":\"en-GB\"},{\"@type\":\"WebPage\",\"@id\":\"https:\\\/\\\/isinac.com\\\/noticias\\\/ise-2026-ocho-ediciones-innovacion-acustica\\\/\",\"url\":\"https:\\\/\\\/isinac.com\\\/noticias\\\/ise-2026-ocho-ediciones-innovacion-acustica\\\/\",\"name\":\"ISINAC: ocho ediciones impulsando la ac\u00fastica profesional en ISE - ISINAC\",\"isPartOf\":{\"@id\":\"https:\\\/\\\/isinac.com\\\/#website\"},\"primaryImageOfPage\":{\"@id\":\"https:\\\/\\\/isinac.com\\\/noticias\\\/ise-2026-ocho-ediciones-innovacion-acustica\\\/#primaryimage\"},\"image\":{\"@id\":\"https:\\\/\\\/isinac.com\\\/noticias\\\/ise-2026-ocho-ediciones-innovacion-acustica\\\/#primaryimage\"},\"thumbnailUrl\":\"https:\\\/\\\/isinac.com\\\/wp-content\\\/uploads\\\/2025\\\/12\\\/entrada-blog-ISE-2026.jpg\",\"datePublished\":\"2025-12-18T10:37:18+00:00\",\"dateModified\":\"2025-12-18T12:44:18+00:00\",\"description\":\"ISINAC participar\u00e1 por octavo a\u00f1o consecutivo en ISE 2026, evento internacional de audiovisual, tecnolog\u00eda e integraci\u00f3n de sistemas.\",\"breadcrumb\":{\"@id\":\"https:\\\/\\\/isinac.com\\\/noticias\\\/ise-2026-ocho-ediciones-innovacion-acustica\\\/#breadcrumb\"},\"inLanguage\":\"en-GB\",\"potentialAction\":[{\"@type\":\"ReadAction\",\"target\":[\"https:\\\/\\\/isinac.com\\\/noticias\\\/ise-2026-ocho-ediciones-innovacion-acustica\\\/\"]}]},{\"@type\":\"ImageObject\",\"inLanguage\":\"en-GB\",\"@id\":\"https:\\\/\\\/isinac.com\\\/noticias\\\/ise-2026-ocho-ediciones-innovacion-acustica\\\/#primaryimage\",\"url\":\"https:\\\/\\\/isinac.com\\\/wp-content\\\/uploads\\\/2025\\\/12\\\/entrada-blog-ISE-2026.jpg\",\"contentUrl\":\"https:\\\/\\\/isinac.com\\\/wp-content\\\/uploads\\\/2025\\\/12\\\/entrada-blog-ISE-2026.jpg\",\"width\":1220,\"height\":628,\"caption\":\"entrada blog ISE 2026\"},{\"@type\":\"BreadcrumbList\",\"@id\":\"https:\\\/\\\/isinac.com\\\/noticias\\\/ise-2026-ocho-ediciones-innovacion-acustica\\\/#breadcrumb\",\"itemListElement\":[{\"@type\":\"ListItem\",\"position\":1,\"name\":\"Inicio\",\"item\":\"https:\\\/\\\/isinac.com\\\/\"},{\"@type\":\"ListItem\",\"position\":2,\"name\":\"Noticias\",\"item\":\"https:\\\/\\\/isinac.com\\\/categoria\\\/noticias\\\/\"},{\"@type\":\"ListItem\",\"position\":3,\"name\":\"ISINAC: ocho ediciones impulsando la ac\u00fastica profesional en ISE\"}]},{\"@type\":\"WebSite\",\"@id\":\"https:\\\/\\\/isinac.com\\\/#website\",\"url\":\"https:\\\/\\\/isinac.com\\\/\",\"name\":\"ISINAC\",\"description\":\"Somos fabricantes de paneles ac\u00fasticos\",\"publisher\":{\"@id\":\"https:\\\/\\\/isinac.com\\\/#organization\"},\"alternateName\":\"ISINAC\",\"potentialAction\":[{\"@type\":\"SearchAction\",\"target\":{\"@type\":\"EntryPoint\",\"urlTemplate\":\"https:\\\/\\\/isinac.com\\\/?s={search_term_string}\"},\"query-input\":{\"@type\":\"PropertyValueSpecification\",\"valueRequired\":true,\"valueName\":\"search_term_string\"}}],\"inLanguage\":\"en-GB\"},{\"@type\":\"Organization\",\"@id\":\"https:\\\/\\\/isinac.com\\\/#organization\",\"name\":\"ISINAC\",\"alternateName\":\"ISINAC\",\"url\":\"https:\\\/\\\/isinac.com\\\/\",\"logo\":{\"@type\":\"ImageObject\",\"inLanguage\":\"en-GB\",\"@id\":\"https:\\\/\\\/isinac.com\\\/#\\\/schema\\\/logo\\\/image\\\/\",\"url\":\"https:\\\/\\\/isinac.com\\\/wp-content\\\/uploads\\\/2024\\\/11\\\/ISINAC-POPPINS-WEB.png\",\"contentUrl\":\"https:\\\/\\\/isinac.com\\\/wp-content\\\/uploads\\\/2024\\\/11\\\/ISINAC-POPPINS-WEB.png\",\"width\":1200,\"height\":255,\"caption\":\"ISINAC\"},\"image\":{\"@id\":\"https:\\\/\\\/isinac.com\\\/#\\\/schema\\\/logo\\\/image\\\/\"},\"sameAs\":[\"https:\\\/\\\/www.facebook.com\\\/isinac\",\"https:\\\/\\\/www.linkedin.com\\\/company\\\/isinac\",\"https:\\\/\\\/es.pinterest.com\\\/isinac\\\/\",\"https:\\\/\\\/www.instagram.com\\\/i.s.i.n.a.c\\\/\",\"https:\\\/\\\/www.youtube.com\\\/c\\\/Isinacspain\"]},{\"@type\":\"Person\",\"@id\":\"https:\\\/\\\/isinac.com\\\/#\\\/schema\\\/person\\\/baba6a97f38b572e60b912824528a29d\",\"name\":\"ISINAC\",\"image\":{\"@type\":\"ImageObject\",\"inLanguage\":\"en-GB\",\"@id\":\"https:\\\/\\\/secure.gravatar.com\\\/avatar\\\/ee613a15a98538c8660f825adab6958475ef1500cd9c945dc36237e8344496cf?s=96&r=g\",\"url\":\"https:\\\/\\\/secure.gravatar.com\\\/avatar\\\/ee613a15a98538c8660f825adab6958475ef1500cd9c945dc36237e8344496cf?s=96&r=g\",\"contentUrl\":\"https:\\\/\\\/secure.gravatar.com\\\/avatar\\\/ee613a15a98538c8660f825adab6958475ef1500cd9c945dc36237e8344496cf?s=96&r=g\",\"caption\":\"ISINAC\"}}]}<\/script>\n<!-- \/ Yoast SEO plugin. -->","yoast_head_json":{"title":"ISINAC: eight editions boosting professional acoustics at ISE - ISINAC","description":"ISINAC will participate for the eighth consecutive year in ISE 2026, the international audiovisual, technology and systems integration event.","robots":{"index":"index","follow":"follow","max-snippet":"max-snippet:-1","max-image-preview":"max-image-preview:large","max-video-preview":"max-video-preview:-1"},"canonical":"https:\/\/isinac.com\/en\/news\/ise-2026-eight-editions-acoustic-innovation\/","og_locale":"en_GB","og_type":"article","og_title":"ISINAC: ocho ediciones impulsando la ac\u00fastica profesional en ISE - ISINAC","og_description":"ISINAC participar\u00e1 por octavo a\u00f1o consecutivo en ISE 2026, evento internacional de audiovisual, tecnolog\u00eda e integraci\u00f3n de sistemas.","og_url":"https:\/\/isinac.com\/en\/news\/ise-2026-eight-editions-acoustic-innovation\/","og_site_name":"ISINAC","article_publisher":"https:\/\/www.facebook.com\/isinac","article_published_time":"2025-12-18T10:37:18+00:00","article_modified_time":"2025-12-18T12:44:18+00:00","og_image":[{"width":1220,"height":628,"url":"https:\/\/isinac.com\/wp-content\/uploads\/2025\/12\/entrada-blog-ISE-2026.jpg","type":"image\/jpeg"}],"author":"ISINAC","twitter_card":"summary_large_image","twitter_misc":{"Written by":"ISINAC","Estimated reading time":"2 minutes"},"schema":{"@context":"https:\/\/schema.org","@graph":[{"@type":"Article","@id":"https:\/\/isinac.com\/noticias\/ise-2026-ocho-ediciones-innovacion-acustica\/#article","isPartOf":{"@id":"https:\/\/isinac.com\/noticias\/ise-2026-ocho-ediciones-innovacion-acustica\/"},"author":{"name":"ISINAC","@id":"https:\/\/isinac.com\/#\/schema\/person\/baba6a97f38b572e60b912824528a29d"},"headline":"ISINAC: ocho ediciones impulsando la ac\u00fastica profesional en ISE","datePublished":"2025-12-18T10:37:18+00:00","dateModified":"2025-12-18T12:44:18+00:00","mainEntityOfPage":{"@id":"https:\/\/isinac.com\/noticias\/ise-2026-ocho-ediciones-innovacion-acustica\/"},"wordCount":346,"publisher":{"@id":"https:\/\/isinac.com\/#organization"},"image":{"@id":"https:\/\/isinac.com\/noticias\/ise-2026-ocho-ediciones-innovacion-acustica\/#primaryimage"},"thumbnailUrl":"https:\/\/isinac.com\/wp-content\/uploads\/2025\/12\/entrada-blog-ISE-2026.jpg","keywords":["confort acustico","ferias","ISE"],"articleSection":["Noticias"],"inLanguage":"en-GB"},{"@type":"WebPage","@id":"https:\/\/isinac.com\/noticias\/ise-2026-ocho-ediciones-innovacion-acustica\/","url":"https:\/\/isinac.com\/noticias\/ise-2026-ocho-ediciones-innovacion-acustica\/","name":"ISINAC: eight editions boosting professional acoustics at ISE - ISINAC","isPartOf":{"@id":"https:\/\/isinac.com\/#website"},"primaryImageOfPage":{"@id":"https:\/\/isinac.com\/noticias\/ise-2026-ocho-ediciones-innovacion-acustica\/#primaryimage"},"image":{"@id":"https:\/\/isinac.com\/noticias\/ise-2026-ocho-ediciones-innovacion-acustica\/#primaryimage"},"thumbnailUrl":"https:\/\/isinac.com\/wp-content\/uploads\/2025\/12\/entrada-blog-ISE-2026.jpg","datePublished":"2025-12-18T10:37:18+00:00","dateModified":"2025-12-18T12:44:18+00:00","description":"ISINAC will participate for the eighth consecutive year in ISE 2026, the international audiovisual, technology and systems integration event.","breadcrumb":{"@id":"https:\/\/isinac.com\/noticias\/ise-2026-ocho-ediciones-innovacion-acustica\/#breadcrumb"},"inLanguage":"en-GB","potentialAction":[{"@type":"ReadAction","target":["https:\/\/isinac.com\/noticias\/ise-2026-ocho-ediciones-innovacion-acustica\/"]}]},{"@type":"ImageObject","inLanguage":"en-GB","@id":"https:\/\/isinac.com\/noticias\/ise-2026-ocho-ediciones-innovacion-acustica\/#primaryimage","url":"https:\/\/isinac.com\/wp-content\/uploads\/2025\/12\/entrada-blog-ISE-2026.jpg","contentUrl":"https:\/\/isinac.com\/wp-content\/uploads\/2025\/12\/entrada-blog-ISE-2026.jpg","width":1220,"height":628,"caption":"entrada blog ISE 2026"},{"@type":"BreadcrumbList","@id":"https:\/\/isinac.com\/noticias\/ise-2026-ocho-ediciones-innovacion-acustica\/#breadcrumb","itemListElement":[{"@type":"ListItem","position":1,"name":"Inicio","item":"https:\/\/isinac.com\/"},{"@type":"ListItem","position":2,"name":"Noticias","item":"https:\/\/isinac.com\/categoria\/noticias\/"},{"@type":"ListItem","position":3,"name":"ISINAC: ocho ediciones impulsando la ac\u00fastica profesional en ISE"}]},{"@type":"WebSite","@id":"https:\/\/isinac.com\/#website","url":"https:\/\/isinac.com\/","name":"ISINAC","description":"We are manufacturers of acoustic panels","publisher":{"@id":"https:\/\/isinac.com\/#organization"},"alternateName":"ISINAC","potentialAction":[{"@type":"SearchAction","target":{"@type":"EntryPoint","urlTemplate":"https:\/\/isinac.com\/?s={search_term_string}"},"query-input":{"@type":"PropertyValueSpecification","valueRequired":true,"valueName":"search_term_string"}}],"inLanguage":"en-GB"},{"@type":"Organization","@id":"https:\/\/isinac.com\/#organization","name":"ISINAC","alternateName":"ISINAC","url":"https:\/\/isinac.com\/","logo":{"@type":"ImageObject","inLanguage":"en-GB","@id":"https:\/\/isinac.com\/#\/schema\/logo\/image\/","url":"https:\/\/isinac.com\/wp-content\/uploads\/2024\/11\/ISINAC-POPPINS-WEB.png","contentUrl":"https:\/\/isinac.com\/wp-content\/uploads\/2024\/11\/ISINAC-POPPINS-WEB.png","width":1200,"height":255,"caption":"ISINAC"},"image":{"@id":"https:\/\/isinac.com\/#\/schema\/logo\/image\/"},"sameAs":["https:\/\/www.facebook.com\/isinac","https:\/\/www.linkedin.com\/company\/isinac","https:\/\/es.pinterest.com\/isinac\/","https:\/\/www.instagram.com\/i.s.i.n.a.c\/","https:\/\/www.youtube.com\/c\/Isinacspain"]},{"@type":"Person","@id":"https:\/\/isinac.com\/#\/schema\/person\/baba6a97f38b572e60b912824528a29d","name":"ISINAC","image":{"@type":"ImageObject","inLanguage":"en-GB","@id":"https:\/\/secure.gravatar.com\/avatar\/ee613a15a98538c8660f825adab6958475ef1500cd9c945dc36237e8344496cf?s=96&r=g","url":"https:\/\/secure.gravatar.com\/avatar\/ee613a15a98538c8660f825adab6958475ef1500cd9c945dc36237e8344496cf?s=96&r=g","contentUrl":"https:\/\/secure.gravatar.com\/avatar\/ee613a15a98538c8660f825adab6958475ef1500cd9c945dc36237e8344496cf?s=96&r=g","caption":"ISINAC"}}]}},"jetpack_featured_media_url":"https:\/\/isinac.com\/wp-content\/uploads\/2025\/12\/entrada-blog-ISE-2026.jpg","jetpack_shortlink":"https:\/\/wp.me\/pgrG6m-UN","_links":{"self":[{"href":"https:\/\/isinac.com\/en\/wp-json\/wp\/v2\/posts\/3521","targetHints":{"allow":["GET"]}}],"collection":[{"href":"https:\/\/isinac.com\/en\/wp-json\/wp\/v2\/posts"}],"about":[{"href":"https:\/\/isinac.com\/en\/wp-json\/wp\/v2\/types\/post"}],"author":[{"embeddable":true,"href":"https:\/\/isinac.com\/en\/wp-json\/wp\/v2\/users\/3"}],"replies":[{"embeddable":true,"href":"https:\/\/isinac.com\/en\/wp-json\/wp\/v2\/comments?post=3521"}],"version-history":[{"count":14,"href":"https:\/\/isinac.com\/en\/wp-json\/wp\/v2\/posts\/3521\/revisions"}],"predecessor-version":[{"id":3538,"href":"https:\/\/isinac.com\/en\/wp-json\/wp\/v2\/posts\/3521\/revisions\/3538"}],"wp:featuredmedia":[{"embeddable":true,"href":"https:\/\/isinac.com\/en\/wp-json\/wp\/v2\/media\/3530"}],"wp:attachment":[{"href":"https:\/\/isinac.com\/en\/wp-json\/wp\/v2\/media?parent=3521"}],"wp:term":[{"taxonomy":"category","embeddable":true,"href":"https:\/\/isinac.com\/en\/wp-json\/wp\/v2\/categories?post=3521"},{"taxonomy":"post_tag","embeddable":true,"href":"https:\/\/isinac.com\/en\/wp-json\/wp\/v2\/tags?post=3521"}],"curies":[{"name":"wp","href":"https:\/\/api.w.org\/{rel}","templated":true}]}}