{"id":2028,"date":"2024-01-17T13:41:57","date_gmt":"2024-01-17T12:41:57","guid":{"rendered":"https:\/\/isinac.com\/?p=2028"},"modified":"2025-03-11T13:42:15","modified_gmt":"2025-03-11T12:42:15","slug":"ise-barcelone-2024","status":"publish","type":"post","link":"https:\/\/isinac.com\/fr\/nouvelles\/ise-barcelone-2024\/","title":{"rendered":"ISINAC expose ses solutions au salon ISE 2024"},"content":{"rendered":"<p>ISINAC, fabricant de panneaux, rideaux et meubles insonorisants, pr\u00e9sente une s\u00e9lection de ses produits les plus remarquables au salon international Integrated System Europe (ISE) 2024. Il se tiendra les 30-31 janvier et 1-2 f\u00e9vrier \u00e0 la Fira de Barcelone.<\/p>\n\n\n\n<p>Nous serons pr\u00e9sents au stand 7D130 dans le hall 7, o\u00f9 vous pourrez voir de pr\u00e8s leurs derni\u00e8res innovations et v\u00e9rifier l'efficacit\u00e9 de leurs solutions. Fabriqu\u00e9s avec des mat\u00e9riaux europ\u00e9ens 100%, nos produits sont test\u00e9s par les meilleurs laboratoires externes et sont garantis 10 ans. <\/p>\n\n\n\n<p>Une tr\u00e8s bonne occasion de d\u00e9couvrir la combinaison d'adaptabilit\u00e9 et de confort du conditionnement acoustique ISINAC.<\/p>\n\n\n\n<figure class=\"wp-block-image size-full\"><img fetchpriority=\"high\" decoding=\"async\" width=\"955\" height=\"156\" src=\"https:\/\/isinac.com\/wp-content\/uploads\/2025\/03\/4fbe950f0d645f67f72d9a36631511ac.jpg\" alt=\"ise 2024\" class=\"wp-image-2030\" srcset=\"https:\/\/isinac.com\/wp-content\/uploads\/2025\/03\/4fbe950f0d645f67f72d9a36631511ac.jpg 955w, https:\/\/isinac.com\/wp-content\/uploads\/2025\/03\/4fbe950f0d645f67f72d9a36631511ac-300x49.jpg 300w, https:\/\/isinac.com\/wp-content\/uploads\/2025\/03\/4fbe950f0d645f67f72d9a36631511ac-768x125.jpg 768w\" sizes=\"(max-width: 955px) 100vw, 955px\" \/><\/figure>","protected":false},"excerpt":{"rendered":"<p>ISINAC,\u00a0fabricante de paneles, cortinas y mobiliario fonoabsorbente,\u00a0presenta una selecci\u00f3n de sus productos m\u00e1s destacados en la feria internacional Integrated System Europe (ISE) 2024. Se celebrar\u00e1 entre los d\u00edas 30 y 31 de enero, 1 y 2 de febrero en la Fira de Barcelona. Estaremos ubicados en el\u00a0stand 7D130 del Hall 7,\u00a0d\u00f3nde podr\u00e1s ver de primera [&hellip;]<\/p>\n","protected":false},"author":3,"featured_media":2029,"comment_status":"closed","ping_status":"closed","sticky":false,"template":"","format":"standard","meta":{"footnotes":""},"categories":[1],"tags":[51,57,34],"class_list":["post-2028","post","type-post","status-publish","format-standard","has-post-thumbnail","hentry","category-noticias","tag-absorcionacustica-2","tag-ferias","tag-ise"],"yoast_head":"<!-- This site is optimized with the Yoast SEO plugin v27.4 - https:\/\/yoast.com\/product\/yoast-seo-wordpress\/ -->\n<title>ISINAC expone sus soluciones en la feria ISE 2024 - ISINAC<\/title>\n<meta name=\"description\" content=\"ISINAC\u00a0presenta una selecci\u00f3n de sus productos m\u00e1s destacados en la feria internacional Integrated System Europe (ISE) 2024.\" \/>\n<meta name=\"robots\" content=\"index, follow, max-snippet:-1, max-image-preview:large, max-video-preview:-1\" \/>\n<link rel=\"canonical\" href=\"https:\/\/isinac.com\/fr\/nouvelles\/ise-barcelone-2024\/\" \/>\n<meta property=\"og:locale\" content=\"fr_FR\" \/>\n<meta property=\"og:type\" content=\"article\" \/>\n<meta property=\"og:title\" content=\"ISINAC expone sus soluciones en la feria ISE 2024 - ISINAC\" \/>\n<meta property=\"og:description\" content=\"ISINAC\u00a0presenta una selecci\u00f3n de sus productos m\u00e1s destacados en la feria internacional Integrated System Europe (ISE) 2024.\" \/>\n<meta property=\"og:url\" content=\"https:\/\/isinac.com\/fr\/nouvelles\/ise-barcelone-2024\/\" \/>\n<meta property=\"og:site_name\" content=\"ISINAC\" \/>\n<meta property=\"article:publisher\" content=\"https:\/\/www.facebook.com\/isinac\" \/>\n<meta property=\"article:published_time\" content=\"2024-01-17T12:41:57+00:00\" \/>\n<meta property=\"article:modified_time\" content=\"2025-03-11T12:42:15+00:00\" \/>\n<meta property=\"og:image\" content=\"https:\/\/isinac.com\/wp-content\/uploads\/2025\/03\/WhatsApp-Image-2025-01-14-at-16.38.14.jpeg\" \/>\n\t<meta property=\"og:image:width\" content=\"1600\" \/>\n\t<meta property=\"og:image:height\" content=\"1200\" \/>\n\t<meta property=\"og:image:type\" content=\"image\/jpeg\" \/>\n<meta name=\"author\" content=\"ISINAC\" \/>\n<meta name=\"twitter:card\" content=\"summary_large_image\" \/>\n<meta name=\"twitter:label1\" content=\"\u00c9crit par\" \/>\n\t<meta name=\"twitter:data1\" content=\"ISINAC\" \/>\n\t<meta name=\"twitter:label2\" content=\"Dur\u00e9e de lecture estim\u00e9e\" \/>\n\t<meta name=\"twitter:data2\" content=\"1 minute\" \/>\n<script type=\"application\/ld+json\" class=\"yoast-schema-graph\">{\"@context\":\"https:\\\/\\\/schema.org\",\"@graph\":[{\"@type\":\"Article\",\"@id\":\"https:\\\/\\\/isinac.com\\\/noticias\\\/ise-barcelona-2024\\\/#article\",\"isPartOf\":{\"@id\":\"https:\\\/\\\/isinac.com\\\/noticias\\\/ise-barcelona-2024\\\/\"},\"author\":{\"name\":\"ISINAC\",\"@id\":\"https:\\\/\\\/isinac.com\\\/#\\\/schema\\\/person\\\/baba6a97f38b572e60b912824528a29d\"},\"headline\":\"ISINAC expone sus soluciones en la feria ISE 2024\",\"datePublished\":\"2024-01-17T12:41:57+00:00\",\"dateModified\":\"2025-03-11T12:42:15+00:00\",\"mainEntityOfPage\":{\"@id\":\"https:\\\/\\\/isinac.com\\\/noticias\\\/ise-barcelona-2024\\\/\"},\"wordCount\":115,\"publisher\":{\"@id\":\"https:\\\/\\\/isinac.com\\\/#organization\"},\"image\":{\"@id\":\"https:\\\/\\\/isinac.com\\\/noticias\\\/ise-barcelona-2024\\\/#primaryimage\"},\"thumbnailUrl\":\"https:\\\/\\\/isinac.com\\\/wp-content\\\/uploads\\\/2025\\\/03\\\/WhatsApp-Image-2025-01-14-at-16.38.14.jpeg\",\"keywords\":[\"absorcionacustica\",\"ferias\",\"ISE\"],\"articleSection\":[\"Noticias\"],\"inLanguage\":\"fr-FR\"},{\"@type\":\"WebPage\",\"@id\":\"https:\\\/\\\/isinac.com\\\/noticias\\\/ise-barcelona-2024\\\/\",\"url\":\"https:\\\/\\\/isinac.com\\\/noticias\\\/ise-barcelona-2024\\\/\",\"name\":\"ISINAC expone sus soluciones en la feria ISE 2024 - ISINAC\",\"isPartOf\":{\"@id\":\"https:\\\/\\\/isinac.com\\\/#website\"},\"primaryImageOfPage\":{\"@id\":\"https:\\\/\\\/isinac.com\\\/noticias\\\/ise-barcelona-2024\\\/#primaryimage\"},\"image\":{\"@id\":\"https:\\\/\\\/isinac.com\\\/noticias\\\/ise-barcelona-2024\\\/#primaryimage\"},\"thumbnailUrl\":\"https:\\\/\\\/isinac.com\\\/wp-content\\\/uploads\\\/2025\\\/03\\\/WhatsApp-Image-2025-01-14-at-16.38.14.jpeg\",\"datePublished\":\"2024-01-17T12:41:57+00:00\",\"dateModified\":\"2025-03-11T12:42:15+00:00\",\"description\":\"ISINAC\u00a0presenta una selecci\u00f3n de sus productos m\u00e1s destacados en la feria internacional Integrated System Europe (ISE) 2024.\",\"breadcrumb\":{\"@id\":\"https:\\\/\\\/isinac.com\\\/noticias\\\/ise-barcelona-2024\\\/#breadcrumb\"},\"inLanguage\":\"fr-FR\",\"potentialAction\":[{\"@type\":\"ReadAction\",\"target\":[\"https:\\\/\\\/isinac.com\\\/noticias\\\/ise-barcelona-2024\\\/\"]}]},{\"@type\":\"ImageObject\",\"inLanguage\":\"fr-FR\",\"@id\":\"https:\\\/\\\/isinac.com\\\/noticias\\\/ise-barcelona-2024\\\/#primaryimage\",\"url\":\"https:\\\/\\\/isinac.com\\\/wp-content\\\/uploads\\\/2025\\\/03\\\/WhatsApp-Image-2025-01-14-at-16.38.14.jpeg\",\"contentUrl\":\"https:\\\/\\\/isinac.com\\\/wp-content\\\/uploads\\\/2025\\\/03\\\/WhatsApp-Image-2025-01-14-at-16.38.14.jpeg\",\"width\":1600,\"height\":1200,\"caption\":\"ise 2024 stand\"},{\"@type\":\"BreadcrumbList\",\"@id\":\"https:\\\/\\\/isinac.com\\\/noticias\\\/ise-barcelona-2024\\\/#breadcrumb\",\"itemListElement\":[{\"@type\":\"ListItem\",\"position\":1,\"name\":\"Inicio\",\"item\":\"https:\\\/\\\/isinac.com\\\/\"},{\"@type\":\"ListItem\",\"position\":2,\"name\":\"Noticias\",\"item\":\"https:\\\/\\\/isinac.com\\\/categoria\\\/noticias\\\/\"},{\"@type\":\"ListItem\",\"position\":3,\"name\":\"ISINAC expone sus soluciones en la feria ISE 2024\"}]},{\"@type\":\"WebSite\",\"@id\":\"https:\\\/\\\/isinac.com\\\/#website\",\"url\":\"https:\\\/\\\/isinac.com\\\/\",\"name\":\"ISINAC\",\"description\":\"Somos fabricantes de paneles ac\u00fasticos\",\"publisher\":{\"@id\":\"https:\\\/\\\/isinac.com\\\/#organization\"},\"alternateName\":\"ISINAC\",\"potentialAction\":[{\"@type\":\"SearchAction\",\"target\":{\"@type\":\"EntryPoint\",\"urlTemplate\":\"https:\\\/\\\/isinac.com\\\/?s={search_term_string}\"},\"query-input\":{\"@type\":\"PropertyValueSpecification\",\"valueRequired\":true,\"valueName\":\"search_term_string\"}}],\"inLanguage\":\"fr-FR\"},{\"@type\":\"Organization\",\"@id\":\"https:\\\/\\\/isinac.com\\\/#organization\",\"name\":\"ISINAC\",\"alternateName\":\"ISINAC\",\"url\":\"https:\\\/\\\/isinac.com\\\/\",\"logo\":{\"@type\":\"ImageObject\",\"inLanguage\":\"fr-FR\",\"@id\":\"https:\\\/\\\/isinac.com\\\/#\\\/schema\\\/logo\\\/image\\\/\",\"url\":\"https:\\\/\\\/isinac.com\\\/wp-content\\\/uploads\\\/2024\\\/11\\\/ISINAC-POPPINS-WEB.png\",\"contentUrl\":\"https:\\\/\\\/isinac.com\\\/wp-content\\\/uploads\\\/2024\\\/11\\\/ISINAC-POPPINS-WEB.png\",\"width\":1200,\"height\":255,\"caption\":\"ISINAC\"},\"image\":{\"@id\":\"https:\\\/\\\/isinac.com\\\/#\\\/schema\\\/logo\\\/image\\\/\"},\"sameAs\":[\"https:\\\/\\\/www.facebook.com\\\/isinac\",\"https:\\\/\\\/www.linkedin.com\\\/company\\\/isinac\",\"https:\\\/\\\/es.pinterest.com\\\/isinac\\\/\",\"https:\\\/\\\/www.instagram.com\\\/i.s.i.n.a.c\\\/\",\"https:\\\/\\\/www.youtube.com\\\/c\\\/Isinacspain\"]},{\"@type\":\"Person\",\"@id\":\"https:\\\/\\\/isinac.com\\\/#\\\/schema\\\/person\\\/baba6a97f38b572e60b912824528a29d\",\"name\":\"ISINAC\",\"image\":{\"@type\":\"ImageObject\",\"inLanguage\":\"fr-FR\",\"@id\":\"https:\\\/\\\/secure.gravatar.com\\\/avatar\\\/ee613a15a98538c8660f825adab6958475ef1500cd9c945dc36237e8344496cf?s=96&r=g\",\"url\":\"https:\\\/\\\/secure.gravatar.com\\\/avatar\\\/ee613a15a98538c8660f825adab6958475ef1500cd9c945dc36237e8344496cf?s=96&r=g\",\"contentUrl\":\"https:\\\/\\\/secure.gravatar.com\\\/avatar\\\/ee613a15a98538c8660f825adab6958475ef1500cd9c945dc36237e8344496cf?s=96&r=g\",\"caption\":\"ISINAC\"}}]}<\/script>\n<!-- \/ Yoast SEO plugin. -->","yoast_head_json":{"title":"ISINAC expose ses solutions \u00e0 l'ISE 2024 - ISINAC","description":"ISINAC pr\u00e9sente une s\u00e9lection de ses produits phares au salon international Integrated System Europe (ISE) 2024.","robots":{"index":"index","follow":"follow","max-snippet":"max-snippet:-1","max-image-preview":"max-image-preview:large","max-video-preview":"max-video-preview:-1"},"canonical":"https:\/\/isinac.com\/fr\/nouvelles\/ise-barcelone-2024\/","og_locale":"fr_FR","og_type":"article","og_title":"ISINAC expone sus soluciones en la feria ISE 2024 - ISINAC","og_description":"ISINAC\u00a0presenta una selecci\u00f3n de sus productos m\u00e1s destacados en la feria internacional Integrated System Europe (ISE) 2024.","og_url":"https:\/\/isinac.com\/fr\/nouvelles\/ise-barcelone-2024\/","og_site_name":"ISINAC","article_publisher":"https:\/\/www.facebook.com\/isinac","article_published_time":"2024-01-17T12:41:57+00:00","article_modified_time":"2025-03-11T12:42:15+00:00","og_image":[{"width":1600,"height":1200,"url":"https:\/\/isinac.com\/wp-content\/uploads\/2025\/03\/WhatsApp-Image-2025-01-14-at-16.38.14.jpeg","type":"image\/jpeg"}],"author":"ISINAC","twitter_card":"summary_large_image","twitter_misc":{"\u00c9crit par":"ISINAC","Dur\u00e9e de lecture estim\u00e9e":"1 minute"},"schema":{"@context":"https:\/\/schema.org","@graph":[{"@type":"Article","@id":"https:\/\/isinac.com\/noticias\/ise-barcelona-2024\/#article","isPartOf":{"@id":"https:\/\/isinac.com\/noticias\/ise-barcelona-2024\/"},"author":{"name":"ISINAC","@id":"https:\/\/isinac.com\/#\/schema\/person\/baba6a97f38b572e60b912824528a29d"},"headline":"ISINAC expone sus soluciones en la feria ISE 2024","datePublished":"2024-01-17T12:41:57+00:00","dateModified":"2025-03-11T12:42:15+00:00","mainEntityOfPage":{"@id":"https:\/\/isinac.com\/noticias\/ise-barcelona-2024\/"},"wordCount":115,"publisher":{"@id":"https:\/\/isinac.com\/#organization"},"image":{"@id":"https:\/\/isinac.com\/noticias\/ise-barcelona-2024\/#primaryimage"},"thumbnailUrl":"https:\/\/isinac.com\/wp-content\/uploads\/2025\/03\/WhatsApp-Image-2025-01-14-at-16.38.14.jpeg","keywords":["absorcionacustica","ferias","ISE"],"articleSection":["Noticias"],"inLanguage":"fr-FR"},{"@type":"WebPage","@id":"https:\/\/isinac.com\/noticias\/ise-barcelona-2024\/","url":"https:\/\/isinac.com\/noticias\/ise-barcelona-2024\/","name":"ISINAC expose ses solutions \u00e0 l'ISE 2024 - ISINAC","isPartOf":{"@id":"https:\/\/isinac.com\/#website"},"primaryImageOfPage":{"@id":"https:\/\/isinac.com\/noticias\/ise-barcelona-2024\/#primaryimage"},"image":{"@id":"https:\/\/isinac.com\/noticias\/ise-barcelona-2024\/#primaryimage"},"thumbnailUrl":"https:\/\/isinac.com\/wp-content\/uploads\/2025\/03\/WhatsApp-Image-2025-01-14-at-16.38.14.jpeg","datePublished":"2024-01-17T12:41:57+00:00","dateModified":"2025-03-11T12:42:15+00:00","description":"ISINAC pr\u00e9sente une s\u00e9lection de ses produits phares au salon international Integrated System Europe (ISE) 2024.","breadcrumb":{"@id":"https:\/\/isinac.com\/noticias\/ise-barcelona-2024\/#breadcrumb"},"inLanguage":"fr-FR","potentialAction":[{"@type":"ReadAction","target":["https:\/\/isinac.com\/noticias\/ise-barcelona-2024\/"]}]},{"@type":"ImageObject","inLanguage":"fr-FR","@id":"https:\/\/isinac.com\/noticias\/ise-barcelona-2024\/#primaryimage","url":"https:\/\/isinac.com\/wp-content\/uploads\/2025\/03\/WhatsApp-Image-2025-01-14-at-16.38.14.jpeg","contentUrl":"https:\/\/isinac.com\/wp-content\/uploads\/2025\/03\/WhatsApp-Image-2025-01-14-at-16.38.14.jpeg","width":1600,"height":1200,"caption":"ise 2024 stand"},{"@type":"BreadcrumbList","@id":"https:\/\/isinac.com\/noticias\/ise-barcelona-2024\/#breadcrumb","itemListElement":[{"@type":"ListItem","position":1,"name":"Inicio","item":"https:\/\/isinac.com\/"},{"@type":"ListItem","position":2,"name":"Noticias","item":"https:\/\/isinac.com\/categoria\/noticias\/"},{"@type":"ListItem","position":3,"name":"ISINAC expone sus soluciones en la feria ISE 2024"}]},{"@type":"WebSite","@id":"https:\/\/isinac.com\/#website","url":"https:\/\/isinac.com\/","name":"ISINAC","description":"Nous sommes fabricants de panneaux acoustiques","publisher":{"@id":"https:\/\/isinac.com\/#organization"},"alternateName":"ISINAC","potentialAction":[{"@type":"SearchAction","target":{"@type":"EntryPoint","urlTemplate":"https:\/\/isinac.com\/?s={search_term_string}"},"query-input":{"@type":"PropertyValueSpecification","valueRequired":true,"valueName":"search_term_string"}}],"inLanguage":"fr-FR"},{"@type":"Organization","@id":"https:\/\/isinac.com\/#organization","name":"ISINAC","alternateName":"ISINAC","url":"https:\/\/isinac.com\/","logo":{"@type":"ImageObject","inLanguage":"fr-FR","@id":"https:\/\/isinac.com\/#\/schema\/logo\/image\/","url":"https:\/\/isinac.com\/wp-content\/uploads\/2024\/11\/ISINAC-POPPINS-WEB.png","contentUrl":"https:\/\/isinac.com\/wp-content\/uploads\/2024\/11\/ISINAC-POPPINS-WEB.png","width":1200,"height":255,"caption":"ISINAC"},"image":{"@id":"https:\/\/isinac.com\/#\/schema\/logo\/image\/"},"sameAs":["https:\/\/www.facebook.com\/isinac","https:\/\/www.linkedin.com\/company\/isinac","https:\/\/es.pinterest.com\/isinac\/","https:\/\/www.instagram.com\/i.s.i.n.a.c\/","https:\/\/www.youtube.com\/c\/Isinacspain"]},{"@type":"Person","@id":"https:\/\/isinac.com\/#\/schema\/person\/baba6a97f38b572e60b912824528a29d","name":"ISINAC","image":{"@type":"ImageObject","inLanguage":"fr-FR","@id":"https:\/\/secure.gravatar.com\/avatar\/ee613a15a98538c8660f825adab6958475ef1500cd9c945dc36237e8344496cf?s=96&r=g","url":"https:\/\/secure.gravatar.com\/avatar\/ee613a15a98538c8660f825adab6958475ef1500cd9c945dc36237e8344496cf?s=96&r=g","contentUrl":"https:\/\/secure.gravatar.com\/avatar\/ee613a15a98538c8660f825adab6958475ef1500cd9c945dc36237e8344496cf?s=96&r=g","caption":"ISINAC"}}]}},"jetpack_featured_media_url":"https:\/\/isinac.com\/wp-content\/uploads\/2025\/03\/WhatsApp-Image-2025-01-14-at-16.38.14.jpeg","jetpack_shortlink":"https:\/\/wp.me\/pgrG6m-wI","_links":{"self":[{"href":"https:\/\/isinac.com\/fr\/wp-json\/wp\/v2\/posts\/2028","targetHints":{"allow":["GET"]}}],"collection":[{"href":"https:\/\/isinac.com\/fr\/wp-json\/wp\/v2\/posts"}],"about":[{"href":"https:\/\/isinac.com\/fr\/wp-json\/wp\/v2\/types\/post"}],"author":[{"embeddable":true,"href":"https:\/\/isinac.com\/fr\/wp-json\/wp\/v2\/users\/3"}],"replies":[{"embeddable":true,"href":"https:\/\/isinac.com\/fr\/wp-json\/wp\/v2\/comments?post=2028"}],"version-history":[{"count":1,"href":"https:\/\/isinac.com\/fr\/wp-json\/wp\/v2\/posts\/2028\/revisions"}],"predecessor-version":[{"id":2031,"href":"https:\/\/isinac.com\/fr\/wp-json\/wp\/v2\/posts\/2028\/revisions\/2031"}],"wp:featuredmedia":[{"embeddable":true,"href":"https:\/\/isinac.com\/fr\/wp-json\/wp\/v2\/media\/2029"}],"wp:attachment":[{"href":"https:\/\/isinac.com\/fr\/wp-json\/wp\/v2\/media?parent=2028"}],"wp:term":[{"taxonomy":"category","embeddable":true,"href":"https:\/\/isinac.com\/fr\/wp-json\/wp\/v2\/categories?post=2028"},{"taxonomy":"post_tag","embeddable":true,"href":"https:\/\/isinac.com\/fr\/wp-json\/wp\/v2\/tags?post=2028"}],"curies":[{"name":"wp","href":"https:\/\/api.w.org\/{rel}","templated":true}]}}